{"id":26960,"date":"2022-07-06T11:57:48","date_gmt":"2022-07-06T09:57:48","guid":{"rendered":"https:\/\/www.sundbusserne.dk\/?p=26960"},"modified":"2022-07-06T12:26:44","modified_gmt":"2022-07-06T10:26:44","slug":"sundsbussarna-starker-sin-position-paa-sundet","status":"publish","type":"post","link":"https:\/\/sundbusserne.dk\/sv\/nyt-fra-sundbusserne-sv\/sundsbussarna-starker-sin-position-paa-sundet\/","title":{"rendered":"Sundsbussarna st\u00e4rker sin position p\u00e5 sundet"},"content":{"rendered":"[vc_row type=&#8221;in_container&#8221; full_screen_row_position=&#8221;middle&#8221; scene_position=&#8221;center&#8221; text_color=&#8221;dark&#8221; text_align=&#8221;left&#8221; overlay_strength=&#8221;0.3&#8243; shape_divider_position=&#8221;bottom&#8221;][vc_column column_padding=&#8221;no-extra-padding&#8221; column_padding_position=&#8221;all&#8221; background_color_opacity=&#8221;1&#8243; background_hover_color_opacity=&#8221;1&#8243; column_link_target=&#8221;_self&#8221; column_shadow=&#8221;none&#8221; column_border_radius=&#8221;none&#8221; width=&#8221;1\/1&#8243; tablet_width_inherit=&#8221;default&#8221; tablet_text_alignment=&#8221;default&#8221; phone_text_alignment=&#8221;default&#8221; column_border_width=&#8221;none&#8221; column_border_style=&#8221;solid&#8221;][vc_column_text]\n<div class=\"page\" title=\"Page 1\">\n<div class=\"layoutArea\">\n<div class=\"column\">\n<p><strong>Rederiet Sundbusserne A\/S, som dominerar \u00d6resund med flera rutter &#8211; bland annat folkk\u00e4ra Helsingborg- Helsing\u00f6r &#8211; har i veckan f\u00e5tt nya del\u00e4gare. Syftet \u00e4r att st\u00e4rka befintliga rutter och produkter samtidigt som man har sikte p\u00e5 att expandera med nya satsningar p\u00e5 \u00d6resund.<\/strong><\/p>\n<p>De nya del\u00e4garna vill cementera och utveckla den prim\u00e4ra rutten Helsingborg-Helsing\u00f6r och sommarlinjen K\u00f6penhamn-Hven-Helsing\u00f6r samt de \u00f6vriga str\u00e4ckorna som Sundsbussarna trafikerar. Som en del av den planen, har rederiets f\u00e4rjor M\/S Pernille och M\/S Jeppe redan varit p\u00e5 varv och renoverats b\u00e5de in- och utv\u00e4ndigt.<\/p>\n<p>Geir Jansen s\u00e4ljer sina aktier i Sundbusserne A\/S till Dujardin A\/S, som tecknas av Ralf Dujardin, VD och styrelseordf\u00f6rande och det lokala investmentbolaget Kronborg Capital k\u00f6per en andel. Hans Froholdt forts\u00e4tter som del\u00e4gare och kommer fortsatt ocks\u00e5 st\u00e5 f\u00f6r den dagliga driften. De nya del\u00e4garna, som alla \u00e4r erfarna aff\u00e4rsm\u00e4n, n\u00e5gra \u00e4ven med rederierfarenhet, kommer att ing\u00e5 i styrelsen och delta aktivt i strategi och planering, men inte i bolagets egentliga verksamhet.<\/p>\n<p>Ralf Dujardin s\u00e4ger:<br \/>\n\u201dF\u00f6r oss \u00e4r investeringen i Sundbusserne A\/S l\u00e5ngsiktig. Det \u00e4r ett unikt rederi som kan s\u00e5 mycket mer \u00e4n att transportera passagerare. Det \u00e4r ocks\u00e5 b\u00e5ten man \u00e5ker p\u00e5 f\u00f6r en kort utlandssemester \u00f6ver sundet och f\u00f6r att gr\u00e4nshandla. F\u00f6r svenskarna \u00e4r Sundsbussarna dessutom b\u00e5tarna d\u00e4r man \u2019TURAR p\u00e5 riktigt\u2019 och \u2019hygger\u2019 med god dansk mat och dryck. Att skapa upplevelser \u00e4r helt centralt i visionen och de planerar vi att arbeta med. Vi \u00e4r mycket optimistiska f\u00f6r framtiden och vill b\u00e5de konsolidera f\u00f6retaget och vidareutveckla b\u00e5de rederiet och produkterna.\u201d<\/p>\n<p>Hans Froholdt s\u00e4ger:<br \/>\n&#8221;Jag \u00e4r b\u00e5de glad och l\u00e4ttad \u00f6ver att s\u00e5 starka akt\u00f6rer har kommit in i bolaget. Det \u00e4r ju ingen hemlighet att \u00e5ren med COVID-19, och de l\u00e5nga perioderna d\u00e4r vi har legat stilla, har varit mycket tuffa f\u00f6r ett mindre f\u00f6retag som Sundbusserne A\/S. Uppbackningen fr\u00e5n de nya del\u00e4garna \u00e4r vad vi beh\u00f6ver f\u00f6r att lyfta Sundsbussarna in i framtiden.\u201d<\/p>\n<p>Den 30 augusti erbjuds m\u00f6jlighet att h\u00e4lsa p\u00e5 de nya del\u00e4garna. H\u00e4r inbjuds media, beslutsfattare och andra p\u00e5 en tur med f\u00f6rfriskningar p\u00e5 sundet.<\/p>\n<p>Ytterligare upplysningar:<br \/>\nHans Froholdt: +45 2364 1933<br \/>\nRalf Dujardin: +45 2090 9300<\/p>\n<p>&nbsp;<\/p>\n<\/div>\n<\/div>\n<\/div>\n[\/vc_column_text][divider line_type=&#8221;No Line&#8221;][\/vc_column][\/vc_row]\n","protected":false},"excerpt":{"rendered":"<p>[vc_row type=&#8221;in_container&#8221; full_screen_row_position=&#8221;middle&#8221; scene_position=&#8221;center&#8221; text_color=&#8221;dark&#8221; text_align=&#8221;left&#8221; overlay_strength=&#8221;0.3&#8243; shape_divider_position=&#8221;bottom&#8221;][vc_column column_padding=&#8221;no-extra-padding&#8221; column_padding_position=&#8221;all&#8221; background_color_opacity=&#8221;1&#8243; background_hover_color_opacity=&#8221;1&#8243; column_link_target=&#8221;_self&#8221; column_shadow=&#8221;none&#8221; column_border_radius=&#8221;none&#8221; width=&#8221;1\/1&#8243; tablet_width_inherit=&#8221;default&#8221; tablet_text_alignment=&#8221;default&#8221; phone_text_alignment=&#8221;default&#8221; column_border_width=&#8221;none&#8221; column_border_style=&#8221;solid&#8221;][vc_column_text] Rederiet Sundbusserne A\/S, som dominerar \u00d6resund med flera rutter&#8230;<\/p>\n","protected":false},"author":39,"featured_media":26968,"comment_status":"closed","ping_status":"closed","sticky":false,"template":"","format":"standard","meta":{"_acf_changed":false,"footnotes":""},"categories":[66],"tags":[],"class_list":{"0":"post-26960","1":"post","2":"type-post","3":"status-publish","4":"format-standard","5":"has-post-thumbnail","7":"category-nyt-fra-sundbusserne-sv"},"acf":[],"yoast_head":"<!-- This site is optimized with the Yoast SEO plugin v23.9 - https:\/\/yoast.com\/wordpress\/plugins\/seo\/ -->\n<title>Sundsbussarna st\u00e4rker sin position p\u00e5 sundet - Sundbusserne<\/title>\n<meta name=\"robots\" content=\"index, follow, max-snippet:-1, max-image-preview:large, max-video-preview:-1\" \/>\n<link rel=\"canonical\" href=\"https:\/\/sundbusserne.dk\/sv\/nyt-fra-sundbusserne-sv\/sundsbussarna-starker-sin-position-paa-sundet\/\" \/>\n<meta property=\"og:locale\" content=\"sv_SE\" \/>\n<meta property=\"og:type\" content=\"article\" \/>\n<meta property=\"og:title\" content=\"Sundsbussarna st\u00e4rker sin position p\u00e5 sundet - Sundbusserne\" \/>\n<meta property=\"og:description\" content=\"[vc_row type=&#8221;in_container&#8221; full_screen_row_position=&#8221;middle&#8221; scene_position=&#8221;center&#8221; text_color=&#8221;dark&#8221; text_align=&#8221;left&#8221; overlay_strength=&#8221;0.3&#8243; shape_divider_position=&#8221;bottom&#8221;][vc_column column_padding=&#8221;no-extra-padding&#8221; column_padding_position=&#8221;all&#8221; background_color_opacity=&#8221;1&#8243; background_hover_color_opacity=&#8221;1&#8243; column_link_target=&#8221;_self&#8221; column_shadow=&#8221;none&#8221; column_border_radius=&#8221;none&#8221; width=&#8221;1\/1&#8243; tablet_width_inherit=&#8221;default&#8221; tablet_text_alignment=&#8221;default&#8221; phone_text_alignment=&#8221;default&#8221; column_border_width=&#8221;none&#8221; column_border_style=&#8221;solid&#8221;][vc_column_text] Rederiet Sundbusserne A\/S, som dominerar \u00d6resund med flera rutter...\" \/>\n<meta property=\"og:url\" content=\"https:\/\/sundbusserne.dk\/sv\/nyt-fra-sundbusserne-sv\/sundsbussarna-starker-sin-position-paa-sundet\/\" \/>\n<meta property=\"og:site_name\" content=\"Sundbusserne\" \/>\n<meta property=\"article:publisher\" content=\"https:\/\/www.facebook.com\/sundbusserne\/\" \/>\n<meta property=\"article:published_time\" content=\"2022-07-06T09:57:48+00:00\" \/>\n<meta property=\"article:modified_time\" content=\"2022-07-06T10:26:44+00:00\" \/>\n<meta property=\"og:image\" content=\"https:\/\/sundbusserne.dk\/wp-content\/uploads\/2022\/07\/Sundbusserne_Hans-og-Ralf.jpg\" \/>\n\t<meta property=\"og:image:width\" content=\"250\" \/>\n\t<meta property=\"og:image:height\" content=\"206\" \/>\n\t<meta property=\"og:image:type\" content=\"image\/jpeg\" \/>\n<meta name=\"author\" content=\"Ulrika M\u00e5rtensson\" \/>\n<meta name=\"twitter:card\" content=\"summary_large_image\" \/>\n<meta name=\"twitter:label1\" content=\"Skriven av\" \/>\n\t<meta name=\"twitter:data1\" content=\"Ulrika M\u00e5rtensson\" \/>\n\t<meta name=\"twitter:label2\" content=\"Ber\u00e4knad l\u00e4stid\" \/>\n\t<meta name=\"twitter:data2\" content=\"2 minuter\" \/>\n<script type=\"application\/ld+json\" class=\"yoast-schema-graph\">{\"@context\":\"https:\/\/schema.org\",\"@graph\":[{\"@type\":\"Article\",\"@id\":\"https:\/\/sundbusserne.dk\/sv\/nyt-fra-sundbusserne-sv\/sundsbussarna-starker-sin-position-paa-sundet\/#article\",\"isPartOf\":{\"@id\":\"https:\/\/sundbusserne.dk\/sv\/nyt-fra-sundbusserne-sv\/sundsbussarna-starker-sin-position-paa-sundet\/\"},\"author\":{\"name\":\"Ulrika M\u00e5rtensson\",\"@id\":\"https:\/\/sundbusserne.dk\/sv\/#\/schema\/person\/23102d9c4899339ece99dd0654357c8f\"},\"headline\":\"Sundsbussarna st\u00e4rker sin position p\u00e5 sundet\",\"datePublished\":\"2022-07-06T09:57:48+00:00\",\"dateModified\":\"2022-07-06T10:26:44+00:00\",\"mainEntityOfPage\":{\"@id\":\"https:\/\/sundbusserne.dk\/sv\/nyt-fra-sundbusserne-sv\/sundsbussarna-starker-sin-position-paa-sundet\/\"},\"wordCount\":504,\"publisher\":{\"@id\":\"https:\/\/sundbusserne.dk\/sv\/#organization\"},\"image\":{\"@id\":\"https:\/\/sundbusserne.dk\/sv\/nyt-fra-sundbusserne-sv\/sundsbussarna-starker-sin-position-paa-sundet\/#primaryimage\"},\"thumbnailUrl\":\"https:\/\/sundbusserne.dk\/wp-content\/uploads\/2022\/07\/Sundbusserne_Hans-og-Ralf.jpg\",\"articleSection\":[\"Nyheter\"],\"inLanguage\":\"sv-SE\"},{\"@type\":\"WebPage\",\"@id\":\"https:\/\/sundbusserne.dk\/sv\/nyt-fra-sundbusserne-sv\/sundsbussarna-starker-sin-position-paa-sundet\/\",\"url\":\"https:\/\/sundbusserne.dk\/sv\/nyt-fra-sundbusserne-sv\/sundsbussarna-starker-sin-position-paa-sundet\/\",\"name\":\"Sundsbussarna st\u00e4rker sin position p\u00e5 sundet - Sundbusserne\",\"isPartOf\":{\"@id\":\"https:\/\/sundbusserne.dk\/sv\/#website\"},\"primaryImageOfPage\":{\"@id\":\"https:\/\/sundbusserne.dk\/sv\/nyt-fra-sundbusserne-sv\/sundsbussarna-starker-sin-position-paa-sundet\/#primaryimage\"},\"image\":{\"@id\":\"https:\/\/sundbusserne.dk\/sv\/nyt-fra-sundbusserne-sv\/sundsbussarna-starker-sin-position-paa-sundet\/#primaryimage\"},\"thumbnailUrl\":\"https:\/\/sundbusserne.dk\/wp-content\/uploads\/2022\/07\/Sundbusserne_Hans-og-Ralf.jpg\",\"datePublished\":\"2022-07-06T09:57:48+00:00\",\"dateModified\":\"2022-07-06T10:26:44+00:00\",\"breadcrumb\":{\"@id\":\"https:\/\/sundbusserne.dk\/sv\/nyt-fra-sundbusserne-sv\/sundsbussarna-starker-sin-position-paa-sundet\/#breadcrumb\"},\"inLanguage\":\"sv-SE\",\"potentialAction\":[{\"@type\":\"ReadAction\",\"target\":[\"https:\/\/sundbusserne.dk\/sv\/nyt-fra-sundbusserne-sv\/sundsbussarna-starker-sin-position-paa-sundet\/\"]}]},{\"@type\":\"ImageObject\",\"inLanguage\":\"sv-SE\",\"@id\":\"https:\/\/sundbusserne.dk\/sv\/nyt-fra-sundbusserne-sv\/sundsbussarna-starker-sin-position-paa-sundet\/#primaryimage\",\"url\":\"https:\/\/sundbusserne.dk\/wp-content\/uploads\/2022\/07\/Sundbusserne_Hans-og-Ralf.jpg\",\"contentUrl\":\"https:\/\/sundbusserne.dk\/wp-content\/uploads\/2022\/07\/Sundbusserne_Hans-og-Ralf.jpg\",\"width\":250,\"height\":206},{\"@type\":\"BreadcrumbList\",\"@id\":\"https:\/\/sundbusserne.dk\/sv\/nyt-fra-sundbusserne-sv\/sundsbussarna-starker-sin-position-paa-sundet\/#breadcrumb\",\"itemListElement\":[{\"@type\":\"ListItem\",\"position\":1,\"name\":\"Hjem\",\"item\":\"https:\/\/sundbusserne.dk\/sv\/\"},{\"@type\":\"ListItem\",\"position\":2,\"name\":\"Sundsbussarna st\u00e4rker sin position p\u00e5 sundet\"}]},{\"@type\":\"WebSite\",\"@id\":\"https:\/\/sundbusserne.dk\/sv\/#website\",\"url\":\"https:\/\/sundbusserne.dk\/sv\/\",\"name\":\"Sundbusserne\",\"description\":\"Hyggeligste tur over \u00d8resund\",\"publisher\":{\"@id\":\"https:\/\/sundbusserne.dk\/sv\/#organization\"},\"potentialAction\":[{\"@type\":\"SearchAction\",\"target\":{\"@type\":\"EntryPoint\",\"urlTemplate\":\"https:\/\/sundbusserne.dk\/sv\/?s={search_term_string}\"},\"query-input\":{\"@type\":\"PropertyValueSpecification\",\"valueRequired\":true,\"valueName\":\"search_term_string\"}}],\"inLanguage\":\"sv-SE\"},{\"@type\":\"Organization\",\"@id\":\"https:\/\/sundbusserne.dk\/sv\/#organization\",\"name\":\"Sundbusserne\",\"url\":\"https:\/\/sundbusserne.dk\/sv\/\",\"logo\":{\"@type\":\"ImageObject\",\"inLanguage\":\"sv-SE\",\"@id\":\"https:\/\/sundbusserne.dk\/sv\/#\/schema\/logo\/image\/\",\"url\":\"https:\/\/sundbusserne.dk\/wp-content\/uploads\/2018\/10\/logo_mtxt.png\",\"contentUrl\":\"https:\/\/sundbusserne.dk\/wp-content\/uploads\/2018\/10\/logo_mtxt.png\",\"width\":482,\"height\":359,\"caption\":\"Sundbusserne\"},\"image\":{\"@id\":\"https:\/\/sundbusserne.dk\/sv\/#\/schema\/logo\/image\/\"},\"sameAs\":[\"https:\/\/www.facebook.com\/sundbusserne\/\"]},{\"@type\":\"Person\",\"@id\":\"https:\/\/sundbusserne.dk\/sv\/#\/schema\/person\/23102d9c4899339ece99dd0654357c8f\",\"name\":\"Ulrika M\u00e5rtensson\",\"image\":{\"@type\":\"ImageObject\",\"inLanguage\":\"sv-SE\",\"@id\":\"https:\/\/sundbusserne.dk\/sv\/#\/schema\/person\/image\/\",\"url\":\"https:\/\/secure.gravatar.com\/avatar\/19be8aeb599f5a8defd596de387b2d487cdf40120fb4c62b17db4ae6a49f9408?s=96&d=mm&r=g\",\"contentUrl\":\"https:\/\/secure.gravatar.com\/avatar\/19be8aeb599f5a8defd596de387b2d487cdf40120fb4c62b17db4ae6a49f9408?s=96&d=mm&r=g\",\"caption\":\"Ulrika M\u00e5rtensson\"}}]}<\/script>\n<!-- \/ Yoast SEO plugin. -->","yoast_head_json":{"title":"Sundsbussarna st\u00e4rker sin position p\u00e5 sundet - Sundbusserne","robots":{"index":"index","follow":"follow","max-snippet":"max-snippet:-1","max-image-preview":"max-image-preview:large","max-video-preview":"max-video-preview:-1"},"canonical":"https:\/\/sundbusserne.dk\/sv\/nyt-fra-sundbusserne-sv\/sundsbussarna-starker-sin-position-paa-sundet\/","og_locale":"sv_SE","og_type":"article","og_title":"Sundsbussarna st\u00e4rker sin position p\u00e5 sundet - Sundbusserne","og_description":"[vc_row type=&#8221;in_container&#8221; full_screen_row_position=&#8221;middle&#8221; scene_position=&#8221;center&#8221; text_color=&#8221;dark&#8221; text_align=&#8221;left&#8221; overlay_strength=&#8221;0.3&#8243; shape_divider_position=&#8221;bottom&#8221;][vc_column column_padding=&#8221;no-extra-padding&#8221; column_padding_position=&#8221;all&#8221; background_color_opacity=&#8221;1&#8243; background_hover_color_opacity=&#8221;1&#8243; column_link_target=&#8221;_self&#8221; column_shadow=&#8221;none&#8221; column_border_radius=&#8221;none&#8221; width=&#8221;1\/1&#8243; tablet_width_inherit=&#8221;default&#8221; tablet_text_alignment=&#8221;default&#8221; phone_text_alignment=&#8221;default&#8221; column_border_width=&#8221;none&#8221; column_border_style=&#8221;solid&#8221;][vc_column_text] Rederiet Sundbusserne A\/S, som dominerar \u00d6resund med flera rutter...","og_url":"https:\/\/sundbusserne.dk\/sv\/nyt-fra-sundbusserne-sv\/sundsbussarna-starker-sin-position-paa-sundet\/","og_site_name":"Sundbusserne","article_publisher":"https:\/\/www.facebook.com\/sundbusserne\/","article_published_time":"2022-07-06T09:57:48+00:00","article_modified_time":"2022-07-06T10:26:44+00:00","og_image":[{"width":250,"height":206,"url":"https:\/\/sundbusserne.dk\/wp-content\/uploads\/2022\/07\/Sundbusserne_Hans-og-Ralf.jpg","type":"image\/jpeg"}],"author":"Ulrika M\u00e5rtensson","twitter_card":"summary_large_image","twitter_misc":{"Skriven av":"Ulrika M\u00e5rtensson","Ber\u00e4knad l\u00e4stid":"2 minuter"},"schema":{"@context":"https:\/\/schema.org","@graph":[{"@type":"Article","@id":"https:\/\/sundbusserne.dk\/sv\/nyt-fra-sundbusserne-sv\/sundsbussarna-starker-sin-position-paa-sundet\/#article","isPartOf":{"@id":"https:\/\/sundbusserne.dk\/sv\/nyt-fra-sundbusserne-sv\/sundsbussarna-starker-sin-position-paa-sundet\/"},"author":{"name":"Ulrika M\u00e5rtensson","@id":"https:\/\/sundbusserne.dk\/sv\/#\/schema\/person\/23102d9c4899339ece99dd0654357c8f"},"headline":"Sundsbussarna st\u00e4rker sin position p\u00e5 sundet","datePublished":"2022-07-06T09:57:48+00:00","dateModified":"2022-07-06T10:26:44+00:00","mainEntityOfPage":{"@id":"https:\/\/sundbusserne.dk\/sv\/nyt-fra-sundbusserne-sv\/sundsbussarna-starker-sin-position-paa-sundet\/"},"wordCount":504,"publisher":{"@id":"https:\/\/sundbusserne.dk\/sv\/#organization"},"image":{"@id":"https:\/\/sundbusserne.dk\/sv\/nyt-fra-sundbusserne-sv\/sundsbussarna-starker-sin-position-paa-sundet\/#primaryimage"},"thumbnailUrl":"https:\/\/sundbusserne.dk\/wp-content\/uploads\/2022\/07\/Sundbusserne_Hans-og-Ralf.jpg","articleSection":["Nyheter"],"inLanguage":"sv-SE"},{"@type":"WebPage","@id":"https:\/\/sundbusserne.dk\/sv\/nyt-fra-sundbusserne-sv\/sundsbussarna-starker-sin-position-paa-sundet\/","url":"https:\/\/sundbusserne.dk\/sv\/nyt-fra-sundbusserne-sv\/sundsbussarna-starker-sin-position-paa-sundet\/","name":"Sundsbussarna st\u00e4rker sin position p\u00e5 sundet - Sundbusserne","isPartOf":{"@id":"https:\/\/sundbusserne.dk\/sv\/#website"},"primaryImageOfPage":{"@id":"https:\/\/sundbusserne.dk\/sv\/nyt-fra-sundbusserne-sv\/sundsbussarna-starker-sin-position-paa-sundet\/#primaryimage"},"image":{"@id":"https:\/\/sundbusserne.dk\/sv\/nyt-fra-sundbusserne-sv\/sundsbussarna-starker-sin-position-paa-sundet\/#primaryimage"},"thumbnailUrl":"https:\/\/sundbusserne.dk\/wp-content\/uploads\/2022\/07\/Sundbusserne_Hans-og-Ralf.jpg","datePublished":"2022-07-06T09:57:48+00:00","dateModified":"2022-07-06T10:26:44+00:00","breadcrumb":{"@id":"https:\/\/sundbusserne.dk\/sv\/nyt-fra-sundbusserne-sv\/sundsbussarna-starker-sin-position-paa-sundet\/#breadcrumb"},"inLanguage":"sv-SE","potentialAction":[{"@type":"ReadAction","target":["https:\/\/sundbusserne.dk\/sv\/nyt-fra-sundbusserne-sv\/sundsbussarna-starker-sin-position-paa-sundet\/"]}]},{"@type":"ImageObject","inLanguage":"sv-SE","@id":"https:\/\/sundbusserne.dk\/sv\/nyt-fra-sundbusserne-sv\/sundsbussarna-starker-sin-position-paa-sundet\/#primaryimage","url":"https:\/\/sundbusserne.dk\/wp-content\/uploads\/2022\/07\/Sundbusserne_Hans-og-Ralf.jpg","contentUrl":"https:\/\/sundbusserne.dk\/wp-content\/uploads\/2022\/07\/Sundbusserne_Hans-og-Ralf.jpg","width":250,"height":206},{"@type":"BreadcrumbList","@id":"https:\/\/sundbusserne.dk\/sv\/nyt-fra-sundbusserne-sv\/sundsbussarna-starker-sin-position-paa-sundet\/#breadcrumb","itemListElement":[{"@type":"ListItem","position":1,"name":"Hjem","item":"https:\/\/sundbusserne.dk\/sv\/"},{"@type":"ListItem","position":2,"name":"Sundsbussarna st\u00e4rker sin position p\u00e5 sundet"}]},{"@type":"WebSite","@id":"https:\/\/sundbusserne.dk\/sv\/#website","url":"https:\/\/sundbusserne.dk\/sv\/","name":"Sundbusserne","description":"Hyggeligste tur over \u00d8resund","publisher":{"@id":"https:\/\/sundbusserne.dk\/sv\/#organization"},"potentialAction":[{"@type":"SearchAction","target":{"@type":"EntryPoint","urlTemplate":"https:\/\/sundbusserne.dk\/sv\/?s={search_term_string}"},"query-input":{"@type":"PropertyValueSpecification","valueRequired":true,"valueName":"search_term_string"}}],"inLanguage":"sv-SE"},{"@type":"Organization","@id":"https:\/\/sundbusserne.dk\/sv\/#organization","name":"Sundbusserne","url":"https:\/\/sundbusserne.dk\/sv\/","logo":{"@type":"ImageObject","inLanguage":"sv-SE","@id":"https:\/\/sundbusserne.dk\/sv\/#\/schema\/logo\/image\/","url":"https:\/\/sundbusserne.dk\/wp-content\/uploads\/2018\/10\/logo_mtxt.png","contentUrl":"https:\/\/sundbusserne.dk\/wp-content\/uploads\/2018\/10\/logo_mtxt.png","width":482,"height":359,"caption":"Sundbusserne"},"image":{"@id":"https:\/\/sundbusserne.dk\/sv\/#\/schema\/logo\/image\/"},"sameAs":["https:\/\/www.facebook.com\/sundbusserne\/"]},{"@type":"Person","@id":"https:\/\/sundbusserne.dk\/sv\/#\/schema\/person\/23102d9c4899339ece99dd0654357c8f","name":"Ulrika M\u00e5rtensson","image":{"@type":"ImageObject","inLanguage":"sv-SE","@id":"https:\/\/sundbusserne.dk\/sv\/#\/schema\/person\/image\/","url":"https:\/\/secure.gravatar.com\/avatar\/19be8aeb599f5a8defd596de387b2d487cdf40120fb4c62b17db4ae6a49f9408?s=96&d=mm&r=g","contentUrl":"https:\/\/secure.gravatar.com\/avatar\/19be8aeb599f5a8defd596de387b2d487cdf40120fb4c62b17db4ae6a49f9408?s=96&d=mm&r=g","caption":"Ulrika M\u00e5rtensson"}}]}},"publishpress_future_action":{"enabled":false,"date":"2026-05-08 22:14:51","action":"change-status","newStatus":"draft","terms":[],"taxonomy":"category"},"_links":{"self":[{"href":"https:\/\/sundbusserne.dk\/sv\/wp-json\/wp\/v2\/posts\/26960","targetHints":{"allow":["GET"]}}],"collection":[{"href":"https:\/\/sundbusserne.dk\/sv\/wp-json\/wp\/v2\/posts"}],"about":[{"href":"https:\/\/sundbusserne.dk\/sv\/wp-json\/wp\/v2\/types\/post"}],"author":[{"embeddable":true,"href":"https:\/\/sundbusserne.dk\/sv\/wp-json\/wp\/v2\/users\/39"}],"replies":[{"embeddable":true,"href":"https:\/\/sundbusserne.dk\/sv\/wp-json\/wp\/v2\/comments?post=26960"}],"version-history":[{"count":1,"href":"https:\/\/sundbusserne.dk\/sv\/wp-json\/wp\/v2\/posts\/26960\/revisions"}],"predecessor-version":[{"id":26963,"href":"https:\/\/sundbusserne.dk\/sv\/wp-json\/wp\/v2\/posts\/26960\/revisions\/26963"}],"wp:featuredmedia":[{"embeddable":true,"href":"https:\/\/sundbusserne.dk\/sv\/wp-json\/wp\/v2\/media\/26968"}],"wp:attachment":[{"href":"https:\/\/sundbusserne.dk\/sv\/wp-json\/wp\/v2\/media?parent=26960"}],"wp:term":[{"taxonomy":"category","embeddable":true,"href":"https:\/\/sundbusserne.dk\/sv\/wp-json\/wp\/v2\/categories?post=26960"},{"taxonomy":"post_tag","embeddable":true,"href":"https:\/\/sundbusserne.dk\/sv\/wp-json\/wp\/v2\/tags?post=26960"}],"curies":[{"name":"wp","href":"https:\/\/api.w.org\/{rel}","templated":true}]}}